{"id":10540,"date":"2026-04-28T10:45:34","date_gmt":"2026-04-28T10:45:34","guid":{"rendered":"https:\/\/spanish-cheese.com\/?p=10540"},"modified":"2026-04-28T11:00:17","modified_gmt":"2026-04-28T11:00:17","slug":"spanish-cheese-en-la-feria-del-salon-du-fromage-2026","status":"publish","type":"post","link":"https:\/\/spanish-cheese.com\/en\/2026\/04\/28\/spanish-cheese-en-la-feria-del-salon-du-fromage-2026\/","title":{"rendered":"Spanish Cheese estar\u00e1 presente en el Salon du Fromage 2026 en Par\u00eds"},"content":{"rendered":"<div data-elementor-type=\"wp-post\" data-elementor-id=\"10540\" class=\"elementor elementor-10540\" data-elementor-post-type=\"post\">\n\t\t\t\t\t\t<section class=\"elementor-section elementor-top-section elementor-element elementor-element-ed95201 elementor-section-boxed elementor-section-height-default elementor-section-height-default\" data-id=\"ed95201\" data-element_type=\"section\" data-e-type=\"section\">\n\t\t\t\t\t\t<div class=\"elementor-container elementor-column-gap-default\">\n\t\t\t\t\t<div class=\"elementor-column elementor-col-100 elementor-top-column elementor-element elementor-element-2536c76\" data-id=\"2536c76\" data-element_type=\"column\" data-e-type=\"column\">\n\t\t\t<div class=\"elementor-widget-wrap elementor-element-populated\">\n\t\t\t\t\t\t<div class=\"elementor-element elementor-element-0697aec elementor-widget elementor-widget-image\" data-id=\"0697aec\" data-element_type=\"widget\" data-e-type=\"widget\" data-widget_type=\"image.default\">\n\t\t\t\t<div class=\"elementor-widget-container\">\n\t\t\t\t\t\t\t\t\t\t\t\t\t\t\t<img fetchpriority=\"high\" decoding=\"async\" width=\"2560\" height=\"1278\" src=\"https:\/\/spanish-cheese.com\/wp-content\/uploads\/2026\/04\/SLIDER-SALON-DU-FROMAGE_2026-scaled.jpg\" class=\"attachment-full size-full wp-image-10546\" alt=\"\" srcset=\"https:\/\/spanish-cheese.com\/wp-content\/uploads\/2026\/04\/SLIDER-SALON-DU-FROMAGE_2026-scaled.jpg 2560w, https:\/\/spanish-cheese.com\/wp-content\/uploads\/2026\/04\/SLIDER-SALON-DU-FROMAGE_2026-300x150.jpg 300w, https:\/\/spanish-cheese.com\/wp-content\/uploads\/2026\/04\/SLIDER-SALON-DU-FROMAGE_2026-1024x511.jpg 1024w, https:\/\/spanish-cheese.com\/wp-content\/uploads\/2026\/04\/SLIDER-SALON-DU-FROMAGE_2026-768x383.jpg 768w, https:\/\/spanish-cheese.com\/wp-content\/uploads\/2026\/04\/SLIDER-SALON-DU-FROMAGE_2026-1536x767.jpg 1536w, https:\/\/spanish-cheese.com\/wp-content\/uploads\/2026\/04\/SLIDER-SALON-DU-FROMAGE_2026-2048x1022.jpg 2048w, https:\/\/spanish-cheese.com\/wp-content\/uploads\/2026\/04\/SLIDER-SALON-DU-FROMAGE_2026-18x9.jpg 18w, https:\/\/spanish-cheese.com\/wp-content\/uploads\/2026\/04\/SLIDER-SALON-DU-FROMAGE_2026-1000x500.jpg 1000w, https:\/\/spanish-cheese.com\/wp-content\/uploads\/2026\/04\/SLIDER-SALON-DU-FROMAGE_2026-700x349.jpg 700w\" sizes=\"(max-width: 2560px) 100vw, 2560px\" \/>\t\t\t\t\t\t\t\t\t\t\t\t\t\t\t<\/div>\n\t\t\t\t<\/div>\n\t\t\t\t\t<\/div>\n\t\t<\/div>\n\t\t\t\t\t<\/div>\n\t\t<\/section>\n\t\t\t\t<section class=\"elementor-section elementor-top-section elementor-element elementor-element-e0bf9c2 elementor-section-boxed elementor-section-height-default elementor-section-height-default\" data-id=\"e0bf9c2\" data-element_type=\"section\" data-e-type=\"section\">\n\t\t\t\t\t\t<div class=\"elementor-container elementor-column-gap-default\">\n\t\t\t\t\t<div class=\"elementor-column elementor-col-100 elementor-top-column elementor-element elementor-element-bd83e35\" data-id=\"bd83e35\" data-element_type=\"column\" data-e-type=\"column\">\n\t\t\t<div class=\"elementor-widget-wrap elementor-element-populated\">\n\t\t\t\t\t\t<div class=\"elementor-element elementor-element-3dd6d33 elementor-widget elementor-widget-heading\" data-id=\"3dd6d33\" data-element_type=\"widget\" data-e-type=\"widget\" data-widget_type=\"heading.default\">\n\t\t\t\t<div class=\"elementor-widget-container\">\n\t\t\t\t\t<h1 class=\"elementor-heading-title elementor-size-default\">Spanish Cheese estar\u00e1 presente en el Salon du Fromage 2026 en Par\u00eds<\/h1>\t\t\t\t<\/div>\n\t\t\t\t<\/div>\n\t\t\t\t<div class=\"elementor-element elementor-element-3aab184 elementor-widget elementor-widget-text-editor\" data-id=\"3aab184\" data-element_type=\"widget\" data-e-type=\"widget\" data-widget_type=\"text-editor.default\">\n\t\t\t\t<div class=\"elementor-widget-container\">\n\t\t\t\t\t\t\t\t\t<p data-start=\"565\" data-end=\"879\"><strong data-start=\"565\" data-end=\"648\">Spanish Cheese participar\u00e1 en el Salon du Fromage et des Produits Laitiers 2026<\/strong>, una de las citas internacionales m\u00e1s relevantes para el sector quesero y l\u00e1cteo. El evento tendr\u00e1 lugar <strong data-start=\"754\" data-end=\"794\">del 7 al 9 de junio de 2026 en Par\u00eds<\/strong>, en el recinto <strong data-start=\"810\" data-end=\"844\">Paris Expo Porte de Versailles<\/strong>, concretamente en el <strong data-start=\"866\" data-end=\"878\">Hall 7.1<\/strong>.<\/p><p data-start=\"881\" data-end=\"1178\">Durante estos tres d\u00edas, profesionales de la industria alimentaria, distribuidores, importadores, productores, afinadores, restauradores y especialistas del canal gourmet se reunir\u00e1n en un entorno dedicado por completo al queso, los productos l\u00e1cteos de calidad y las nuevas tendencias del sector.<\/p><p data-start=\"1180\" data-end=\"1402\">Los visitantes podr\u00e1n encontrar a <strong data-start=\"1214\" data-end=\"1256\">Spanish Cheese en el Hall 7 &#8211; 1 &#8211; G040<\/strong>, donde la empresa presentar\u00e1 su cat\u00e1logo de productos y compartir\u00e1 su apuesta por la calidad, la tradici\u00f3n quesera y la proyecci\u00f3n internacional.<\/p>\t\t\t\t\t\t\t\t<\/div>\n\t\t\t\t<\/div>\n\t\t\t\t<div class=\"elementor-element elementor-element-84b6e80 elementor-widget elementor-widget-heading\" data-id=\"84b6e80\" data-element_type=\"widget\" data-e-type=\"widget\" data-widget_type=\"heading.default\">\n\t\t\t\t<div class=\"elementor-widget-container\">\n\t\t\t\t\t<h4 class=\"elementor-heading-title elementor-size-default\">Una cita internacional clave para el sector quesero<\/h4>\t\t\t\t<\/div>\n\t\t\t\t<\/div>\n\t\t\t\t<div class=\"elementor-element elementor-element-ca41cc4 elementor-widget elementor-widget-text-editor\" data-id=\"ca41cc4\" data-element_type=\"widget\" data-e-type=\"widget\" data-widget_type=\"text-editor.default\">\n\t\t\t\t<div class=\"elementor-widget-container\">\n\t\t\t\t\t\t\t\t\t<p data-start=\"1460\" data-end=\"1832\">El <strong data-start=\"1463\" data-end=\"1488\">Salon du Fromage 2026<\/strong> se ha consolidado como un punto de encuentro imprescindible para los profesionales del queso y los productos l\u00e1cteos. Seg\u00fan la organizaci\u00f3n, la feria celebrar\u00e1 en 2026 su <strong data-start=\"1660\" data-end=\"1676\">19.\u00aa edici\u00f3n<\/strong> y reunir\u00e1 a m\u00e1s de <strong data-start=\"1696\" data-end=\"1715\">300 expositores<\/strong>, alrededor de <strong data-start=\"1730\" data-end=\"1744\">450 marcas<\/strong> y representantes procedentes de distintos pa\u00edses.<\/p><p data-start=\"1834\" data-end=\"2045\">Este evento ofrece un espacio especializado donde descubrir productos, establecer contactos comerciales, conocer nuevas propuestas gastron\u00f3micas y analizar la evoluci\u00f3n del mercado quesero a nivel internacional.<\/p><p data-start=\"2047\" data-end=\"2252\">Para Spanish Cheese, participar en esta feria supone una oportunidad estrat\u00e9gica para reforzar su presencia en el mercado europeo y continuar acercando sus productos a profesionales del sector alimentario.<\/p>\t\t\t\t\t\t\t\t<\/div>\n\t\t\t\t<\/div>\n\t\t\t\t<div class=\"elementor-element elementor-element-575ae9a elementor-widget elementor-widget-heading\" data-id=\"575ae9a\" data-element_type=\"widget\" data-e-type=\"widget\" data-widget_type=\"heading.default\">\n\t\t\t\t<div class=\"elementor-widget-container\">\n\t\t\t\t\t<h4 class=\"elementor-heading-title elementor-size-default\">Un escaparate para nuevas oportunidades comerciales<\/h4>\t\t\t\t<\/div>\n\t\t\t\t<\/div>\n\t\t\t\t<div class=\"elementor-element elementor-element-9f1ca8b elementor-widget elementor-widget-text-editor\" data-id=\"9f1ca8b\" data-element_type=\"widget\" data-e-type=\"widget\" data-widget_type=\"text-editor.default\">\n\t\t\t\t<div class=\"elementor-widget-container\">\n\t\t\t\t\t\t\t\t\t<p data-start=\"3030\" data-end=\"3367\">El Salon du Fromage no es solo una feria de exposici\u00f3n. Es tambi\u00e9n un espacio de conexi\u00f3n entre empresas, compradores y profesionales especializados. La edici\u00f3n de 2026 estar\u00e1 dirigida a actores clave del sector, incluyendo distribuidores, tiendas gourmet, restauraci\u00f3n, canal HORECA, importadores y profesionales del retail alimentario.<\/p><p data-start=\"3369\" data-end=\"3590\">La participaci\u00f3n de Spanish Cheese permitir\u00e1 presentar sus productos en un entorno profesional y altamente especializado, favoreciendo el contacto directo con clientes actuales y potenciales colaboradores internacionales.<\/p><p data-start=\"3592\" data-end=\"3885\">Adem\u00e1s, la feria se celebrar\u00e1 de forma simult\u00e1nea con <strong data-start=\"3646\" data-end=\"3667\">Gourmet Selection<\/strong>, evento centrado en alimentaci\u00f3n gourmet y productos premium, lo que ampl\u00eda todav\u00eda m\u00e1s las posibilidades de conexi\u00f3n con compradores especializados y profesionales gastron\u00f3micos.<\/p>\t\t\t\t\t\t\t\t<\/div>\n\t\t\t\t<\/div>\n\t\t\t\t<div class=\"elementor-element elementor-element-465fe6b elementor-widget elementor-widget-heading\" data-id=\"465fe6b\" data-element_type=\"widget\" data-e-type=\"widget\" data-widget_type=\"heading.default\">\n\t\t\t\t<div class=\"elementor-widget-container\">\n\t\t\t\t\t<h4 class=\"elementor-heading-title elementor-size-default\">Vis\u00edtanos en el Hall 7 - 1 - G040<\/h4>\t\t\t\t<\/div>\n\t\t\t\t<\/div>\n\t\t\t\t<div class=\"elementor-element elementor-element-81fa4f7 elementor-widget elementor-widget-text-editor\" data-id=\"81fa4f7\" data-element_type=\"widget\" data-e-type=\"widget\" data-widget_type=\"text-editor.default\">\n\t\t\t\t<div class=\"elementor-widget-container\">\n\t\t\t\t\t\t\t\t\t<p data-start=\"3925\" data-end=\"4021\">Spanish Cheese invita a todos los asistentes al <strong data-start=\"3973\" data-end=\"3998\">Salon du Fromage 2026<\/strong> a visitar su stand en:<\/p><p data-start=\"4023\" data-end=\"4131\"><strong data-start=\"4023\" data-end=\"4047\">\ud83d\udccd Hall 7 &#8211; 1 &#8211; G040<\/strong><br data-start=\"4047\" data-end=\"4050\" \/><strong data-start=\"4050\" data-end=\"4084\">\ud83d\udcc5 Del 7 al 9 de junio de 2026<\/strong><br data-start=\"4084\" data-end=\"4087\" \/><strong data-start=\"4087\" data-end=\"4131\">\ud83d\udccc Paris Expo Porte de Versailles, Par\u00eds<\/strong><\/p><p data-start=\"4133\" data-end=\"4288\">Ser\u00e1 una ocasi\u00f3n perfecta para conocer de cerca la propuesta de la empresa, descubrir sus productos y conversar sobre nuevas oportunidades de colaboraci\u00f3n.<\/p>\t\t\t\t\t\t\t\t<\/div>\n\t\t\t\t<\/div>\n\t\t\t\t<div class=\"elementor-element elementor-element-fef6241 elementor-widget elementor-widget-heading\" data-id=\"fef6241\" data-element_type=\"widget\" data-e-type=\"widget\" data-widget_type=\"heading.default\">\n\t\t\t\t<div class=\"elementor-widget-container\">\n\t\t\t\t\t<h4 class=\"elementor-heading-title elementor-size-default\">Spanish Cheese mira hacia el futuro internacional<\/h4>\t\t\t\t<\/div>\n\t\t\t\t<\/div>\n\t\t\t\t<div class=\"elementor-element elementor-element-3baeb3c elementor-widget elementor-widget-text-editor\" data-id=\"3baeb3c\" data-element_type=\"widget\" data-e-type=\"widget\" data-widget_type=\"text-editor.default\">\n\t\t\t\t<div class=\"elementor-widget-container\">\n\t\t\t\t\t\t\t\t\t<p data-start=\"4344\" data-end=\"4522\">La participaci\u00f3n en el Salon du Fromage 2026 forma parte del compromiso de Spanish Cheese por seguir creciendo, innovando y consolidando su presencia en mercados internacionales.<\/p><p data-start=\"4524\" data-end=\"4809\">En un sector cada vez m\u00e1s competitivo, la diferenciaci\u00f3n, la calidad del producto y la capacidad de adaptaci\u00f3n son factores clave. Por ello, la empresa contin\u00faa apostando por ferias profesionales que permiten acercar sus productos a nuevos p\u00fablicos y fortalecer relaciones comerciales.<\/p><p data-start=\"4811\" data-end=\"4888\"><strong data-start=\"4811\" data-end=\"4888\">Nos vemos en Par\u00eds, del 7 al 9 de junio de 2026, en el Hall 7 &#8211; 1 &#8211; G040.<\/strong><\/p>\t\t\t\t\t\t\t\t<\/div>\n\t\t\t\t<\/div>\n\t\t\t\t\t<\/div>\n\t\t<\/div>\n\t\t\t\t\t<\/div>\n\t\t<\/section>\n\t\t\t\t<\/div>","protected":false},"excerpt":{"rendered":"<p>Spanish Cheese estar\u00e1 presente en el Salon du Fromage 2026 en Par\u00eds Spanish Cheese participar\u00e1 en el Salon du Fromage et des Produits Laitiers 2026, una de las citas internacionales m\u00e1s relevantes para el sector quesero y l\u00e1cteo. El evento tendr\u00e1 lugar del 7 al&#8230;<\/p>","protected":false},"author":1,"featured_media":10542,"comment_status":"closed","ping_status":"closed","sticky":false,"template":"","format":"standard","meta":{"footnotes":""},"categories":[1],"tags":[],"class_list":["post-10540","post","type-post","status-publish","format-standard","has-post-thumbnail","hentry","category-sin-categoria"],"_links":{"self":[{"href":"https:\/\/spanish-cheese.com\/en\/wp-json\/wp\/v2\/posts\/10540","targetHints":{"allow":["GET"]}}],"collection":[{"href":"https:\/\/spanish-cheese.com\/en\/wp-json\/wp\/v2\/posts"}],"about":[{"href":"https:\/\/spanish-cheese.com\/en\/wp-json\/wp\/v2\/types\/post"}],"author":[{"embeddable":true,"href":"https:\/\/spanish-cheese.com\/en\/wp-json\/wp\/v2\/users\/1"}],"replies":[{"embeddable":true,"href":"https:\/\/spanish-cheese.com\/en\/wp-json\/wp\/v2\/comments?post=10540"}],"version-history":[{"count":5,"href":"https:\/\/spanish-cheese.com\/en\/wp-json\/wp\/v2\/posts\/10540\/revisions"}],"predecessor-version":[{"id":10549,"href":"https:\/\/spanish-cheese.com\/en\/wp-json\/wp\/v2\/posts\/10540\/revisions\/10549"}],"wp:featuredmedia":[{"embeddable":true,"href":"https:\/\/spanish-cheese.com\/en\/wp-json\/wp\/v2\/media\/10542"}],"wp:attachment":[{"href":"https:\/\/spanish-cheese.com\/en\/wp-json\/wp\/v2\/media?parent=10540"}],"wp:term":[{"taxonomy":"category","embeddable":true,"href":"https:\/\/spanish-cheese.com\/en\/wp-json\/wp\/v2\/categories?post=10540"},{"taxonomy":"post_tag","embeddable":true,"href":"https:\/\/spanish-cheese.com\/en\/wp-json\/wp\/v2\/tags?post=10540"}],"curies":[{"name":"wp","href":"https:\/\/api.w.org\/{rel}","templated":true}]}}